{"id":1198,"date":"2024-02-15T17:44:04","date_gmt":"2024-02-15T15:44:04","guid":{"rendered":"https:\/\/amigo.jormauimonen.com\/?p=1198"},"modified":"2024-02-15T17:44:04","modified_gmt":"2024-02-15T15:44:04","slug":"kuka-kuntouttaisi-suomea","status":"publish","type":"post","link":"https:\/\/amigo.jormauimonen.com\/?p=1198","title":{"rendered":"Kuka kuntouttaisi Suomea?"},"content":{"rendered":"\n<p>   Olen sangen onnellinen mies. Erityisesti n\u00e4in Yst\u00e4v\u00e4np\u00e4iv\u00e4n tuntumassa pys\u00e4hdyn taas ihmettelem\u00e4\u00e4n, kuinka paljon minulla onkaan yst\u00e4vi\u00e4. Varmasti enemm\u00e4n kuin mit\u00e4 olen ansainnut. Siksi koenkin saaneeni my\u00f6s yst\u00e4v\u00e4t lahjana Jumalalta. He ovat iso osa onneani.<\/p>\n<p> Viime viikko vier\u00e4hti kuntoutuksessa. Voi sit\u00e4 hienojen hoitojen ja neuvomisen m\u00e4\u00e4r\u00e4\u00e4, mill\u00e4 yst\u00e4v\u00e4lliset asiantuntijat auttoivat kohtaamaan sairauden eteen nosta-mia haasteita! Ja riitti ev\u00e4st\u00e4 muutenkin: aamiainen, lounas, iltap\u00e4iv\u00e4kahvi, p\u00e4iv\u00e4l-linen ynn\u00e4 iltapala. Ei Suomi  \u00e4iti pihistellyt hoitaessaan omaansa. Eik\u00e4 ainoastaan minua, vaan rakkaan vaimoni Hannelen eteen tuotiin sama kattaus. Lis\u00e4ksi h\u00e4nt\u00e4 valmennettiin sen p\u00e4iv\u00e4n varalle, kun min\u00e4 en ehk\u00e4 tied\u00e4k\u00e4\u00e4n en\u00e4\u00e4, miss\u00e4 on it\u00e4 ja l\u00e4nsi.<\/p>\n<p>  Kaikki tuo ei ole halpaa lysti\u00e4. Siihen kun lis\u00e4t\u00e4\u00e4n  se muu hoito, mit\u00e4 olen saanut suomalaisena osakseni, tekee mieli ottaa hattu p\u00e4\u00e4st\u00e4 ja kumartaa.<\/p>\n<p>  V\u00e4it\u00e4n olevani my\u00f6s kiitollinen. Ja mit\u00e4 enemm\u00e4n kuulen maatamme ja sen vastuunkantajia haukuttavan, sit\u00e4 kiitollisemmaksi koen itseni. Minun ei tarvitse olla edes katkera tai kateellinen \u2013 en\u00e4\u00e4. Sit\u00e4kin lient\u00e4 on nimitt\u00e4in tullut joskus maisteltua. En suosittele.<\/p>\n<p>  Tuntuu pahalta, kun joutuu  seuraamaan t\u00e4m\u00e4n hetken riitely\u00e4 suomalaisuuden periaatteista. Kuin kaiken kielteisyyden prototyyppin\u00e4 istuu partaansa sukiva ay-pomo haastattelussa. Ministeritason palkkaa nauttivana h\u00e4n vain viile\u00e4sti toteaa pis-t\u00e4v\u00e4ns\u00e4 satamat seis. H\u00e4nen mielest\u00e4\u00e4n on oikein pys\u00e4ytt\u00e4\u00e4 yhteisen Suomemme verenkierto. Asenne tarttuu kuin tuli katkeruuden tappuraan. Jotkut kuvailevat sit\u00e4 jopa rohkeudeksi.<\/p>\n<p> On totta, ett\u00e4 otteen irroittaminen saavutetuista eduista on vaikeaa. Mik\u00e4 on minun, se pysyk\u00f6\u00f6n aina omanani. Miksi me olemme niin vastahakoisia my\u00f6nt\u00e4m\u00e4\u00e4n, ett\u00e4 minun omani on osa yhteist\u00e4 Suomea? Jos en koskaan avaa nyrkkiin kouristunutta k\u00e4tt\u00e4ni, en pysty muuhun kuin ly\u00f6m\u00e4\u00e4n. Jokainen voi halutessaan l\u00f6yt\u00e4\u00e4 faktaa siit\u00e4, ett\u00e4 rakas Suomemme voi taloudellisesti ja moraalisesti eritt\u00e4in huonosti. Se on tehostetun hoidon tarpeessa, ja silloin kysyt\u00e4\u00e4n verenluovuttajia eik\u00e4 kuppareita. Nyt on antamisen eik\u00e4 potin jakamisen aika. <\/p>\n<p> Oma el\u00e4kkeeni j\u00e4\u00e4 reilusti keskiarvon alapuolelle. Silti minulle ei tuota vaikeuksia hyv\u00e4ksy\u00e4 edess\u00e4 odottavia veronkorotuksia ja mahdollisia etujen leikkauksia. Ihmis-kunnan eteen piirtyy niin synkki\u00e4 tulevaisuudenn\u00e4kymi\u00e4, ett\u00e4 voimme vain toivoa selviytyv\u00e4mme niist\u00e4 verojen korotuksilla. <\/p>\n<p> Suomi tarvitsee nyt kuntoutusta. Se on meid\u00e4n teht\u00e4v\u00e4mme. Sinun ja minun. Me toimimme terapeutteina. Emme voi ulkoistaa teht\u00e4v\u00e4\u00e4 EU:lle tai NATOlle. Kyyti k\u00e4y kylm\u00e4ksi, jos sit\u00e4 yrit\u00e4mme.<\/p>\n<p> Ei t\u00e4m\u00e4 tainnut oikein onnellisen miehen tekstilt\u00e4 tuntua. Mutta malta, t\u00e4rkein pointti on viel\u00e4 sanomatta. Aukaisen El\u00e4m\u00e4n K\u00e4sikirjan ja luen kanssasi: \u201dminun onneni on olla l\u00e4hell\u00e4 Jumalaa\u201d. (Psalmi 73:28) <\/p>\n<p> Niin ihmeelliselt\u00e4 kuin se kuulostaakin, silloin suomalainen pienel\u00e4kel\u00e4inenkin voi kokea olonsa upporikkaaksi.<\/p>\n","protected":false},"excerpt":{"rendered":"<p>Olen sangen onnellinen mies. Erityisesti n\u00e4in Yst\u00e4v\u00e4np\u00e4iv\u00e4n tuntumassa pys\u00e4hdyn taas ihmettelem\u00e4\u00e4n, kuinka paljon minulla onkaan yst\u00e4vi\u00e4. Varmasti enemm\u00e4n kuin mit\u00e4 olen ansainnut. Siksi koenkin saaneeni my\u00f6s yst\u00e4v\u00e4t lahjana Jumalalta. He ovat iso osa onneani. Viime viikko vier\u00e4hti kuntoutuksessa. Voi sit\u00e4 hienojen hoitojen ja neuvomisen m\u00e4\u00e4r\u00e4\u00e4, mill\u00e4 yst\u00e4v\u00e4lliset asiantuntijat auttoivat kohtaamaan sairauden eteen nosta-mia haasteita! Ja [&hellip;]<\/p>\n","protected":false},"author":2,"featured_media":0,"comment_status":"open","ping_status":"open","sticky":false,"template":"","format":"standard","meta":{"_jetpack_memberships_contains_paid_content":false,"footnotes":""},"categories":[1],"tags":[],"class_list":["post-1198","post","type-post","status-publish","format-standard","hentry","category-uncategorized"],"jetpack_featured_media_url":"","jetpack_sharing_enabled":true,"_links":{"self":[{"href":"https:\/\/amigo.jormauimonen.com\/index.php?rest_route=\/wp\/v2\/posts\/1198","targetHints":{"allow":["GET"]}}],"collection":[{"href":"https:\/\/amigo.jormauimonen.com\/index.php?rest_route=\/wp\/v2\/posts"}],"about":[{"href":"https:\/\/amigo.jormauimonen.com\/index.php?rest_route=\/wp\/v2\/types\/post"}],"author":[{"embeddable":true,"href":"https:\/\/amigo.jormauimonen.com\/index.php?rest_route=\/wp\/v2\/users\/2"}],"replies":[{"embeddable":true,"href":"https:\/\/amigo.jormauimonen.com\/index.php?rest_route=%2Fwp%2Fv2%2Fcomments&post=1198"}],"version-history":[{"count":1,"href":"https:\/\/amigo.jormauimonen.com\/index.php?rest_route=\/wp\/v2\/posts\/1198\/revisions"}],"predecessor-version":[{"id":1199,"href":"https:\/\/amigo.jormauimonen.com\/index.php?rest_route=\/wp\/v2\/posts\/1198\/revisions\/1199"}],"wp:attachment":[{"href":"https:\/\/amigo.jormauimonen.com\/index.php?rest_route=%2Fwp%2Fv2%2Fmedia&parent=1198"}],"wp:term":[{"taxonomy":"category","embeddable":true,"href":"https:\/\/amigo.jormauimonen.com\/index.php?rest_route=%2Fwp%2Fv2%2Fcategories&post=1198"},{"taxonomy":"post_tag","embeddable":true,"href":"https:\/\/amigo.jormauimonen.com\/index.php?rest_route=%2Fwp%2Fv2%2Ftags&post=1198"}],"curies":[{"name":"wp","href":"https:\/\/api.w.org\/{rel}","templated":true}]}}